{"id":1166,"date":"2019-11-01T08:53:00","date_gmt":"2019-11-01T08:53:00","guid":{"rendered":"https:\/\/smartdest.web.uma.pt\/?p=1166"},"modified":"2021-08-13T17:37:06","modified_gmt":"2021-08-13T16:37:06","slug":"saborea","status":"publish","type":"post","link":"https:\/\/smartdest.web.uma.pt\/?p=1166","title":{"rendered":"Saborea"},"content":{"rendered":"<p>Objetivo:<br \/>\nO projeto SABOREA consiste em conceber um Plano Diretor para posicionar a Macaron\u00e9sia como destino de turismo gastron\u00f3mico, e com isso criar impactos positivos nos territ\u00f3rios participantes a n\u00edvel econ\u00f3mico, territorial, ambiental e social.<\/p>\n<p>Descri\u00e7\u00e3o:<br \/>\n\u201cPrograma de Coopera\u00e7\u00e3o INTERREG V A Espanha-Portugal, MAC 2014-20120, projeto n.\u00ba MAC2\/4.6c\/365, sob o t\u00edtulo \u201cDestinos Tur\u00edsticos Gastron\u00f3micos e Sustent\u00e1veis\u201d, SABOREA, uma coopera\u00e7\u00e3o transnacional Madeira, Can\u00e1rias, A\u00e7ores, Cabo Verde, Maurit\u00e2nia e Senegal pretende recuperar, reavivar e promover os la\u00e7os gastron\u00f3micos e culturais do Espa\u00e7o Atl\u00e2ntico MAC (origens dos pratos, produtos, t\u00e9cnicas, etc.). O interc\u00e2mbio de conhecimentos permitir\u00e1 a cria\u00e7\u00e3o de uma culin\u00e1ria atl\u00e2ntica pr\u00f3pria, com um n\u00facleo central partilhado, fomentar\u00e1 as rela\u00e7\u00f5es entre entidades e profissionais e enriquecer\u00e1 a gastronomia.<\/p>\n<p>Parceiros:\t \tCabildo Insular de Lanzarote<br \/>\nCabildo Insular de La Palma<br \/>\nCabildo Insular de Fuerteventura<br \/>\nSecretar\u00eda Regional de Turismo y Cultura da Madeira<br \/>\nUMA &#8211; Universidade da Madeira<br \/>\nACIF &#8211; Associa\u00e7\u00e3o Comercial e Industrial do Funchal<br \/>\nAssocia\u00e7\u00e3o de Casas do Povo da Regi\u00e3o Aut\u00f3noma da Madeira<br \/>\nAPCA &#8211; Ag\u00eancia de Promo\u00e7\u00e3o da Cultura Atl\u00e2ntica<br \/>\nEFTH &#8211; Associa\u00e7\u00e3o de forma\u00e7\u00e3o turistica e hoteleira dos A\u00e7ores<br \/>\nART &#8211; Associaci\u00f3n Regional de Turismo A\u00e7ores<br \/>\nAg\u00eancia de Desarrollo de la Cultura en Azores<br \/>\nInstituto de Apoyo y Promoci\u00f3n Empresarial Cabo Verde<br \/>\nASPT Agencia Senegalesa de Promoci\u00f3n Tur\u00edstica<br \/>\nDirecci\u00f3n de las Peque\u00f1as y Medianas Empresas \u2013 Senegal<br \/>\nAgencia Nacional de Turismo del Ministerio do Senegal<\/p>\n","protected":false},"excerpt":{"rendered":"<p>Objetivo: O projeto SABOREA consiste em conceber um Plano Diretor para posicionar a Macaron\u00e9sia como destino de turismo gastron\u00f3mico, e [&hellip;]<\/p>\n","protected":false},"author":1,"featured_media":1167,"comment_status":"closed","ping_status":"closed","sticky":false,"template":"","format":"standard","meta":{"footnotes":""},"categories":[2,45],"tags":[],"acf":[],"_links":{"self":[{"href":"https:\/\/smartdest.web.uma.pt\/index.php?rest_route=\/wp\/v2\/posts\/1166"}],"collection":[{"href":"https:\/\/smartdest.web.uma.pt\/index.php?rest_route=\/wp\/v2\/posts"}],"about":[{"href":"https:\/\/smartdest.web.uma.pt\/index.php?rest_route=\/wp\/v2\/types\/post"}],"author":[{"embeddable":true,"href":"https:\/\/smartdest.web.uma.pt\/index.php?rest_route=\/wp\/v2\/users\/1"}],"replies":[{"embeddable":true,"href":"https:\/\/smartdest.web.uma.pt\/index.php?rest_route=%2Fwp%2Fv2%2Fcomments&post=1166"}],"version-history":[{"count":2,"href":"https:\/\/smartdest.web.uma.pt\/index.php?rest_route=\/wp\/v2\/posts\/1166\/revisions"}],"predecessor-version":[{"id":1169,"href":"https:\/\/smartdest.web.uma.pt\/index.php?rest_route=\/wp\/v2\/posts\/1166\/revisions\/1169"}],"wp:featuredmedia":[{"embeddable":true,"href":"https:\/\/smartdest.web.uma.pt\/index.php?rest_route=\/wp\/v2\/media\/1167"}],"wp:attachment":[{"href":"https:\/\/smartdest.web.uma.pt\/index.php?rest_route=%2Fwp%2Fv2%2Fmedia&parent=1166"}],"wp:term":[{"taxonomy":"category","embeddable":true,"href":"https:\/\/smartdest.web.uma.pt\/index.php?rest_route=%2Fwp%2Fv2%2Fcategories&post=1166"},{"taxonomy":"post_tag","embeddable":true,"href":"https:\/\/smartdest.web.uma.pt\/index.php?rest_route=%2Fwp%2Fv2%2Ftags&post=1166"}],"curies":[{"name":"wp","href":"https:\/\/api.w.org\/{rel}","templated":true}]}}