{"id":1196,"date":"2019-10-01T08:47:00","date_gmt":"2019-10-01T07:47:00","guid":{"rendered":"https:\/\/smartdest.web.uma.pt\/?p=1196"},"modified":"2021-08-13T19:02:39","modified_gmt":"2021-08-13T18:02:39","slug":"macclima","status":"publish","type":"post","link":"https:\/\/smartdest.web.uma.pt\/?p=1196","title":{"rendered":"Macclima"},"content":{"rendered":"<p>Objetivos:<br>\nO projeto MAC-CLIMA visa consolidar uma rede de observa\u00e7\u00e3o cient\u00edfica internacional na regi\u00e3o para poder definir estrat\u00e9gias coordenadas de monitoramento clim\u00e1tico, atmosf\u00e9ricas e oceanogr\u00e1ficas.<br>\nDescri\u00e7\u00e3o:<br>\nEstas medidas estrat\u00e9gicas se concentrar\u00e3o no fortalecimento da capacidade de resili\u00eancia e preserva\u00e7\u00e3o dos recursos vitais das popula\u00e7\u00f5es da regi\u00e3o, tais como o abastecimento de \u00e1gua, os setores produtivos, as infraestruturas costeiras contra o aumento do n\u00edvel do mar, a sa\u00fade p\u00fablica. , biodiversidade e muitas outras \u00e1reas onde s\u00e3o esperadas altera\u00e7\u00f5es em consequ\u00eancia das altera\u00e7\u00f5es clim\u00e1ticas. Os diagn\u00f3sticos resultantes permitir\u00e3o propor pol\u00edticas de adapta\u00e7\u00e3o e mitiga\u00e7\u00e3o a esse fen\u00f4meno em todos os territ\u00f3rios que possam ser afetados por esse tipo de desastre. O projeto tamb\u00e9m promover\u00e1 a participa\u00e7\u00e3o e o conhecimento dos cidad\u00e3os sobre os riscos e impactos causados pelo aquecimento global na \u00e1rea de coopera\u00e7\u00e3o.<\/p>\n<p>Parceiros:<br>\nEnte Pu\u0301blico Empresarial Consejo Insular de la Energi\u0301a de Gran Canaria<br>\nSecreta\u0301ria Regional do Ambiente e Recursos Naturais<br>\nAgencia Estatal de Meteorologi\u0301a (AEMET)<br>\nINSTITUTO TECNOLO\u0301GICO DE CANARIAS SA<br>\nUniversidad de Las Palmas de Gran Canaria<br>\nCabildo Insular de El Hierro<br>\nCabildo Insular de Lanzarote<br>\nCabildo Insular de Tenerife<\/p>\n\n\n<p><\/p>\n","protected":false},"excerpt":{"rendered":"<p>Objetivos: O projeto MAC-CLIMA visa consolidar uma rede de observa\u00e7\u00e3o cient\u00edfica internacional na regi\u00e3o para poder definir estrat\u00e9gias coordenadas de [&hellip;]<\/p>\n","protected":false},"author":1,"featured_media":1341,"comment_status":"closed","ping_status":"closed","sticky":false,"template":"","format":"standard","meta":{"footnotes":""},"categories":[2,45],"tags":[],"acf":[],"_links":{"self":[{"href":"https:\/\/smartdest.web.uma.pt\/index.php?rest_route=\/wp\/v2\/posts\/1196"}],"collection":[{"href":"https:\/\/smartdest.web.uma.pt\/index.php?rest_route=\/wp\/v2\/posts"}],"about":[{"href":"https:\/\/smartdest.web.uma.pt\/index.php?rest_route=\/wp\/v2\/types\/post"}],"author":[{"embeddable":true,"href":"https:\/\/smartdest.web.uma.pt\/index.php?rest_route=\/wp\/v2\/users\/1"}],"replies":[{"embeddable":true,"href":"https:\/\/smartdest.web.uma.pt\/index.php?rest_route=%2Fwp%2Fv2%2Fcomments&post=1196"}],"version-history":[{"count":4,"href":"https:\/\/smartdest.web.uma.pt\/index.php?rest_route=\/wp\/v2\/posts\/1196\/revisions"}],"predecessor-version":[{"id":1364,"href":"https:\/\/smartdest.web.uma.pt\/index.php?rest_route=\/wp\/v2\/posts\/1196\/revisions\/1364"}],"wp:featuredmedia":[{"embeddable":true,"href":"https:\/\/smartdest.web.uma.pt\/index.php?rest_route=\/wp\/v2\/media\/1341"}],"wp:attachment":[{"href":"https:\/\/smartdest.web.uma.pt\/index.php?rest_route=%2Fwp%2Fv2%2Fmedia&parent=1196"}],"wp:term":[{"taxonomy":"category","embeddable":true,"href":"https:\/\/smartdest.web.uma.pt\/index.php?rest_route=%2Fwp%2Fv2%2Fcategories&post=1196"},{"taxonomy":"post_tag","embeddable":true,"href":"https:\/\/smartdest.web.uma.pt\/index.php?rest_route=%2Fwp%2Fv2%2Ftags&post=1196"}],"curies":[{"name":"wp","href":"https:\/\/api.w.org\/{rel}","templated":true}]}}