{"id":1898,"date":"2021-09-01T11:16:49","date_gmt":"2021-09-01T10:16:49","guid":{"rendered":"https:\/\/smartdest.web.uma.pt\/?p=1898"},"modified":"2021-09-01T11:16:49","modified_gmt":"2021-09-01T10:16:49","slug":"recored","status":"publish","type":"post","link":"https:\/\/smartdest.web.uma.pt\/?p=1898","title":{"rendered":"RECORED"},"content":{"rendered":"<p>Objetivo:<br \/>\nCria\u00e7\u00e3o rede de percursos tur\u00edsticos preferenciais em enclaves Patrim\u00f3nio da Humanidade do Atl\u00e2ntico da Macaron\u00e9sia<\/p>\n<p>Descri\u00e7\u00e3o:<br \/>\nValoriza\u00e7\u00e3o conjunta do espa\u00e7o urbano patrimonial de enclaves declarados Patrim\u00f3nio da Humanidade no alcance territorial do Programa, como estrat\u00e9giapiloto para o aumento da competitividade tur\u00edstica, conserva\u00e7\u00e3o e prote\u00e7\u00e3o do patrim\u00f3nio. A estrat\u00e9gia ser\u00e1 materializada mediante o desenvolvimento de \u201cPercursos Tur\u00edsticos Preferenciais\u201d que facilitem e valorizem a visita tur\u00edstica ao patrim\u00f3nio hist\u00f3rico, vitalizem o desenvolvimento comercial e melhorem a qualidade ambiental do espa\u00e7o urbano.<\/p>\n<p>Parceiros:<br \/>\nCabildo Insular de Tenerife. (Can\u00e1rias)<br \/>\nAyuntamiento de La Laguna<br \/>\nMinist\u00e8re de la Culture et de la Comunication du Sen\u00e8gal.<\/p>\n","protected":false},"excerpt":{"rendered":"<p>Objetivo: Cria\u00e7\u00e3o rede de percursos tur\u00edsticos preferenciais em enclaves Patrim\u00f3nio da Humanidade do Atl\u00e2ntico da Macaron\u00e9sia Descri\u00e7\u00e3o: Valoriza\u00e7\u00e3o conjunta do [&hellip;]<\/p>\n","protected":false},"author":1,"featured_media":1899,"comment_status":"closed","ping_status":"closed","sticky":false,"template":"","format":"standard","meta":{"footnotes":""},"categories":[3,53,45],"tags":[],"acf":[],"_links":{"self":[{"href":"https:\/\/smartdest.web.uma.pt\/index.php?rest_route=\/wp\/v2\/posts\/1898"}],"collection":[{"href":"https:\/\/smartdest.web.uma.pt\/index.php?rest_route=\/wp\/v2\/posts"}],"about":[{"href":"https:\/\/smartdest.web.uma.pt\/index.php?rest_route=\/wp\/v2\/types\/post"}],"author":[{"embeddable":true,"href":"https:\/\/smartdest.web.uma.pt\/index.php?rest_route=\/wp\/v2\/users\/1"}],"replies":[{"embeddable":true,"href":"https:\/\/smartdest.web.uma.pt\/index.php?rest_route=%2Fwp%2Fv2%2Fcomments&post=1898"}],"version-history":[{"count":2,"href":"https:\/\/smartdest.web.uma.pt\/index.php?rest_route=\/wp\/v2\/posts\/1898\/revisions"}],"predecessor-version":[{"id":1901,"href":"https:\/\/smartdest.web.uma.pt\/index.php?rest_route=\/wp\/v2\/posts\/1898\/revisions\/1901"}],"wp:featuredmedia":[{"embeddable":true,"href":"https:\/\/smartdest.web.uma.pt\/index.php?rest_route=\/wp\/v2\/media\/1899"}],"wp:attachment":[{"href":"https:\/\/smartdest.web.uma.pt\/index.php?rest_route=%2Fwp%2Fv2%2Fmedia&parent=1898"}],"wp:term":[{"taxonomy":"category","embeddable":true,"href":"https:\/\/smartdest.web.uma.pt\/index.php?rest_route=%2Fwp%2Fv2%2Fcategories&post=1898"},{"taxonomy":"post_tag","embeddable":true,"href":"https:\/\/smartdest.web.uma.pt\/index.php?rest_route=%2Fwp%2Fv2%2Ftags&post=1898"}],"curies":[{"name":"wp","href":"https:\/\/api.w.org\/{rel}","templated":true}]}}